{"id":35764,"date":"2017-08-28T07:43:28","date_gmt":"2017-08-28T07:43:28","guid":{"rendered":"https:\/\/kennol.com\/2020\/06\/fia-f2-kennol-podiums-at-spa\/"},"modified":"2020-06-05T07:48:15","modified_gmt":"2020-06-05T07:48:15","slug":"fia-f2-kennol-podiums-at-spa","status":"publish","type":"post","link":"https:\/\/kennol.com\/es\/2017\/08\/fia-f2-kennol-podiums-at-spa\/","title":{"rendered":"FIA F2: KENNOL PODIUMS AT SPA!"},"content":{"rendered":"<div class=\"wpb-content-wrapper\"><p style=\"margin: 0px;\"><strong><br \/>\nApr\u00e8s la traditionnelle pause estivale, KENNOL est de retour sur piste en Championnat du Monde de FIA Formula 2, et signe directement un podium au Grand Prix de Spa-Francorchamps, avec le nouveau jeune pilote Nyck De Vries au volant ! Le team Racing Engineering performe tout le week-end, avec de bons r\u00e9sultats pour les 2 pilotes, des essais libres \u00e0 la ligne d\u2019arriv\u00e9e, et ambitionne de nouveaux podiums pour les courses \u00e0 venir.<br \/>\n<\/strong><\/p>\n<p>[vc_row][vc_column][vc_empty_space height=\u00bb12px\u00bb][vc_column_text]<\/p>\n<blockquote><p><span style=\"color: #ffffff;\">Je suis tr\u00e8s impressionn\u00e9 par leur approche du travail, leur structure, leur expertise.<\/span><\/p><\/blockquote>\n<p>Nyck DE VRIES, pilote<\/p>\n<p>&nbsp;<\/p>\n<h3 style=\"color: #999999;\"><span style=\"color: #ee3124;\">\u258c<\/span><strong> NAISSANCE D\u2019UNE FUTURE STAR<\/strong><\/h3>\n<p>Hier, <strong>KENNOL<\/strong> et son team partenaire <a title=\"Racing Engineering website\" href=\"http:\/\/www.racing-engineering.com\" target=\"_blank\" rel=\"noopener noreferrer\"><strong>Racing Engineering<\/strong><\/a> \u00e9taient de retour\u2026 sur le podium. Cette saison 2017 commen\u00e7a de fa\u00e7on compliqu\u00e9e, et la d\u00e9cision os\u00e9e de l\u2019\u00e9t\u00e9 fut de changer de pilote, afin d\u2019accueillir le jeune N\u00e9erlandais de 22 ans Nyck De Vries.<\/p>\n<p>Nyck a d\u00e9j\u00e0 pu d\u00e9montrer le potentiel qui est le sien. Pour ses d\u00e9buts en karting, il gagna les WSK World Series en 2008 et 2009, avant d\u2019encha\u00eener avec les titres 2010 et 2011 en Karting World Championship, remport\u00e9 auparavant par la star actuelle de la Formule 1 <strong>Max VERSTAPPEN<\/strong>. En acc\u00e9dant aux cat\u00e9gories monoplaces, son passage en Eurocup Formula Renault 2.0 se solda par le titre en 2014 tout en empochant les Formula Renault 2.0 Alps Series la m\u00eame ann\u00e9e.<\/p>\n<p><strong>Alfonso de Orl\u00e9ans-Borb\u00f3n, President de Racing Engineering:<\/strong> <em>\u00abNous avons suivi de pr\u00e8s les progr\u00e8s de Nyck dans les cat\u00e9gories Junior et sommes en contact r\u00e9gulier depuis plusieurs saisons maintenant. C&#8217;est un jeune homme exceptionnel, tr\u00e8s professionnel et investi. Le team Racing Engineering est excit\u00e9 \u00e0 l&#8217;id\u00e9e de le voir enfin derri\u00e8re notre volant, et avec 2 courses \u00e0 venir o\u00f9 nous avons un bel historique de performances, je prends le pari que nous verrons Nyck franchir la ligne d&#8217;arriv\u00e9e parmi les tous premiers.\u00bb<\/em><\/p>\n<p>&nbsp;<\/p>\n<h3 style=\"color: #999999;\"><span style=\"color: #ee3124;\">\u258c<\/span><strong> PREMI\u00c8RE COURSE ENSEMBLE, PREMIER PODIUM<\/strong><\/h3>\n<p>Le week-end entier fut une r\u00e9ussite pour l\u2019\u00e9quipe, ce qui a permis aux voitures de partir en 4\u00e8me et 5\u00e8me positions dimanche. Lorsque les feux pass\u00e8rent au vert, Nyck fit un d\u00e9part \u00e9clair, s\u2019adjugeant la 3\u00e8me place d\u00e8s les premi\u00e8res dizaines de m\u00e8tres, bataillant avec Norman NATO d\u00e8s la premi\u00e8re \u00e9pingle, et tandis que les voitures sortaient d\u2019Eau Rouge, Nyck pris le dessus dans cet encha\u00eenement mythique sur le Fran\u00e7ais et se retrouvait 2\u00e8me apr\u00e8s le Raidillon ! Le jeune pilote N\u00e9erlandais se mit alors en chasse du leader, CAMARA, et r\u00e9duisit rapidement l\u2019\u00e9cart \u00e0 1 seconde, \u00e9cart qu\u2019il maintint pendant un bon moment dans un souci d\u2019\u00e9conomie de pneus, en pr\u00e9vision de la fin de course. Les 2 hommes signaient des temps au tour quasiment identiques pendant un moment, mais \u00e0 4 tours de l\u2019arriv\u00e9e Nyck commen\u00e7a \u00e0 passer aux choses s\u00e9rieuse et se retrouvait dans la roue du leader. Malheureusement, un accident de MATSUSHITA \u00e0 Eau Rouge vit Safety Car neutraliser la course. Les dommages structurels caus\u00e9s par l\u2019impact \u00e9tant impossibles \u00e0 r\u00e9parer, la course se termina ainsi, les positions gel\u00e9es dans cet ordre.<\/p>\n<p>Avec une 2\u00e8me et une 4\u00e8me place, Racing Engineering reprends des points et de l\u2019espoir au Championnat, et pr\u00e9voit une fin de saison pleine de r\u00e9sultats de ce niveau. Le team a peu de temps pour c\u00e9l\u00e9brer cependant, puisqu\u2019il faut quitter Spa-Francorchamps et la Belgique aujourd\u2019hui, pour se rendre sur le (\u00e9galement) mythique circuit de Monza en Italie, pour le 9\u00e8me round du Championnat du Monde FIA Formula 2 le week-end prochain !<\/p>\n<p>[vc_row][vc_column][vc_column_text]<br \/>\n<img decoding=\"async\" class=\"alignnone size-medium wp-image-4517\" src=\"https:\/\/kennol.com\/wp-content\/uploads\/2018\/03\/2017_H_FiaF2_Spa-Francorchamps.jpg\" width=\"961\" height=\"517\" \/><\/p>\n<\/div>","protected":false},"excerpt":{"rendered":"<p>After the traditional summer break, KENNOL is back on track in FIA Formula 2 World Championship, and podiums directly at Spa-Francorchamps Grand Prix, with new young driver Nyck De Vries at the wheel! Racing Engineering team signs a great weekend, with good overall performance by the 2 cars and drivers, from the free practice to the finish line, and looks towards new podiums and points for the upcoming races.<\/p>\n","protected":false},"author":2,"featured_media":35765,"comment_status":"open","ping_status":"open","sticky":false,"template":"","format":"standard","meta":{"_monsterinsights_skip_tracking":false,"_monsterinsights_sitenote_active":false,"_monsterinsights_sitenote_note":"","_monsterinsights_sitenote_category":0,"footnotes":""},"categories":[2215],"tags":[2356],"class_list":["post-35764","post","type-post","status-publish","format-standard","has-post-thumbnail","hentry","category-fia-formule-2-es","tag-grand-prix-es"],"yoast_head":"<!-- This site is optimized with the Yoast SEO plugin v27.4 - https:\/\/yoast.com\/product\/yoast-seo-wordpress\/ -->\n<title>FIA F2: KENNOL PODIUMS AT SPA! - KENNOL<\/title>\n<meta name=\"robots\" content=\"index, follow, max-snippet:-1, max-image-preview:large, max-video-preview:-1\" \/>\n<link rel=\"canonical\" href=\"https:\/\/kennol.com\/es\/2017\/08\/fia-f2-kennol-podiums-at-spa\/\" \/>\n<meta property=\"og:locale\" content=\"es_ES\" \/>\n<meta property=\"og:type\" content=\"article\" \/>\n<meta property=\"og:title\" content=\"FIA F2: KENNOL PODIUMS AT SPA! - KENNOL\" \/>\n<meta property=\"og:description\" content=\"After the traditional summer break, KENNOL is back on track in FIA Formula 2 World Championship, and podiums directly at Spa-Francorchamps Grand Prix, with new young driver Nyck De Vries at the wheel! Racing Engineering team signs a great weekend, with good overall performance by the 2 cars and drivers, from the free practice to the finish line, and looks towards new podiums and points for the upcoming races.\" \/>\n<meta property=\"og:url\" content=\"https:\/\/kennol.com\/es\/2017\/08\/fia-f2-kennol-podiums-at-spa\/\" \/>\n<meta property=\"og:site_name\" content=\"KENNOL\" \/>\n<meta property=\"article:published_time\" content=\"2017-08-28T07:43:28+00:00\" \/>\n<meta property=\"article:modified_time\" content=\"2020-06-05T07:48:15+00:00\" \/>\n<meta property=\"og:image\" content=\"https:\/\/kennol.com\/wp-content\/uploads\/2018\/03\/2017_mainlisting_FiaF2_Spa-Francorchamps.jpg\" \/>\n\t<meta property=\"og:image:width\" content=\"1300\" \/>\n\t<meta property=\"og:image:height\" content=\"891\" \/>\n\t<meta property=\"og:image:type\" content=\"image\/jpeg\" \/>\n<meta name=\"author\" content=\"K\" \/>\n<meta name=\"twitter:card\" content=\"summary_large_image\" \/>\n<meta name=\"twitter:label1\" content=\"Escrito por\" \/>\n\t<meta name=\"twitter:data1\" content=\"K\" \/>\n\t<meta name=\"twitter:label2\" content=\"Tiempo de lectura\" \/>\n\t<meta name=\"twitter:data2\" content=\"3 minutos\" \/>\n<script type=\"application\/ld+json\" class=\"yoast-schema-graph\">{\"@context\":\"https:\\\/\\\/schema.org\",\"@graph\":[{\"@type\":\"Article\",\"@id\":\"https:\\\/\\\/kennol.com\\\/es\\\/2017\\\/08\\\/fia-f2-kennol-podiums-at-spa\\\/#article\",\"isPartOf\":{\"@id\":\"https:\\\/\\\/kennol.com\\\/es\\\/2017\\\/08\\\/fia-f2-kennol-podiums-at-spa\\\/\"},\"author\":{\"name\":\"K\",\"@id\":\"https:\\\/\\\/kennol.com\\\/es\\\/#\\\/schema\\\/person\\\/07fb5e9e6d4f6c2a7d419767afe3aaf7\"},\"headline\":\"FIA F2: KENNOL PODIUMS AT SPA!\",\"datePublished\":\"2017-08-28T07:43:28+00:00\",\"dateModified\":\"2020-06-05T07:48:15+00:00\",\"mainEntityOfPage\":{\"@id\":\"https:\\\/\\\/kennol.com\\\/es\\\/2017\\\/08\\\/fia-f2-kennol-podiums-at-spa\\\/\"},\"wordCount\":635,\"commentCount\":0,\"publisher\":{\"@id\":\"https:\\\/\\\/kennol.com\\\/es\\\/#organization\"},\"image\":{\"@id\":\"https:\\\/\\\/kennol.com\\\/es\\\/2017\\\/08\\\/fia-f2-kennol-podiums-at-spa\\\/#primaryimage\"},\"thumbnailUrl\":\"https:\\\/\\\/kennol.com\\\/wp-content\\\/uploads\\\/2018\\\/03\\\/2017_mainlisting_FiaF2_Spa-Francorchamps.jpg\",\"keywords\":[\"Grand Prix\"],\"articleSection\":[\"FIA Formule 2\"],\"inLanguage\":\"es\",\"potentialAction\":[{\"@type\":\"CommentAction\",\"name\":\"Comment\",\"target\":[\"https:\\\/\\\/kennol.com\\\/es\\\/2017\\\/08\\\/fia-f2-kennol-podiums-at-spa\\\/#respond\"]}]},{\"@type\":\"WebPage\",\"@id\":\"https:\\\/\\\/kennol.com\\\/es\\\/2017\\\/08\\\/fia-f2-kennol-podiums-at-spa\\\/\",\"url\":\"https:\\\/\\\/kennol.com\\\/es\\\/2017\\\/08\\\/fia-f2-kennol-podiums-at-spa\\\/\",\"name\":\"FIA F2: KENNOL PODIUMS AT SPA! - KENNOL\",\"isPartOf\":{\"@id\":\"https:\\\/\\\/kennol.com\\\/es\\\/#website\"},\"primaryImageOfPage\":{\"@id\":\"https:\\\/\\\/kennol.com\\\/es\\\/2017\\\/08\\\/fia-f2-kennol-podiums-at-spa\\\/#primaryimage\"},\"image\":{\"@id\":\"https:\\\/\\\/kennol.com\\\/es\\\/2017\\\/08\\\/fia-f2-kennol-podiums-at-spa\\\/#primaryimage\"},\"thumbnailUrl\":\"https:\\\/\\\/kennol.com\\\/wp-content\\\/uploads\\\/2018\\\/03\\\/2017_mainlisting_FiaF2_Spa-Francorchamps.jpg\",\"datePublished\":\"2017-08-28T07:43:28+00:00\",\"dateModified\":\"2020-06-05T07:48:15+00:00\",\"inLanguage\":\"es\",\"potentialAction\":[{\"@type\":\"ReadAction\",\"target\":[\"https:\\\/\\\/kennol.com\\\/es\\\/2017\\\/08\\\/fia-f2-kennol-podiums-at-spa\\\/\"]}]},{\"@type\":\"ImageObject\",\"inLanguage\":\"es\",\"@id\":\"https:\\\/\\\/kennol.com\\\/es\\\/2017\\\/08\\\/fia-f2-kennol-podiums-at-spa\\\/#primaryimage\",\"url\":\"https:\\\/\\\/kennol.com\\\/wp-content\\\/uploads\\\/2018\\\/03\\\/2017_mainlisting_FiaF2_Spa-Francorchamps.jpg\",\"contentUrl\":\"https:\\\/\\\/kennol.com\\\/wp-content\\\/uploads\\\/2018\\\/03\\\/2017_mainlisting_FiaF2_Spa-Francorchamps.jpg\",\"width\":1300,\"height\":891,\"caption\":\"FIA F2: KENNOL PODIUMS AT SPA!\"},{\"@type\":\"WebSite\",\"@id\":\"https:\\\/\\\/kennol.com\\\/es\\\/#website\",\"url\":\"https:\\\/\\\/kennol.com\\\/es\\\/\",\"name\":\"KENNOL\",\"description\":\"Performance Oil\",\"publisher\":{\"@id\":\"https:\\\/\\\/kennol.com\\\/es\\\/#organization\"},\"potentialAction\":[{\"@type\":\"SearchAction\",\"target\":{\"@type\":\"EntryPoint\",\"urlTemplate\":\"https:\\\/\\\/kennol.com\\\/es\\\/?s={search_term_string}\"},\"query-input\":{\"@type\":\"PropertyValueSpecification\",\"valueRequired\":true,\"valueName\":\"search_term_string\"}}],\"inLanguage\":\"es\"},{\"@type\":\"Organization\",\"@id\":\"https:\\\/\\\/kennol.com\\\/es\\\/#organization\",\"name\":\"PPO\",\"url\":\"https:\\\/\\\/kennol.com\\\/es\\\/\",\"logo\":{\"@type\":\"ImageObject\",\"inLanguage\":\"es\",\"@id\":\"https:\\\/\\\/kennol.com\\\/es\\\/#\\\/schema\\\/logo\\\/image\\\/\",\"url\":\"https:\\\/\\\/kennol.com\\\/wp-content\\\/uploads\\\/2018\\\/01\\\/KENNOL_logo_header.png\",\"contentUrl\":\"https:\\\/\\\/kennol.com\\\/wp-content\\\/uploads\\\/2018\\\/01\\\/KENNOL_logo_header.png\",\"width\":400,\"height\":140,\"caption\":\"PPO\"},\"image\":{\"@id\":\"https:\\\/\\\/kennol.com\\\/es\\\/#\\\/schema\\\/logo\\\/image\\\/\"}},{\"@type\":\"Person\",\"@id\":\"https:\\\/\\\/kennol.com\\\/es\\\/#\\\/schema\\\/person\\\/07fb5e9e6d4f6c2a7d419767afe3aaf7\",\"name\":\"K\",\"image\":{\"@type\":\"ImageObject\",\"inLanguage\":\"es\",\"@id\":\"https:\\\/\\\/secure.gravatar.com\\\/avatar\\\/8a509b01388b913a2da7ce0d2583fc0800479158266647ff7494e9868af8bad2?s=96&d=mm&r=g\",\"url\":\"https:\\\/\\\/secure.gravatar.com\\\/avatar\\\/8a509b01388b913a2da7ce0d2583fc0800479158266647ff7494e9868af8bad2?s=96&d=mm&r=g\",\"contentUrl\":\"https:\\\/\\\/secure.gravatar.com\\\/avatar\\\/8a509b01388b913a2da7ce0d2583fc0800479158266647ff7494e9868af8bad2?s=96&d=mm&r=g\",\"caption\":\"K\"},\"sameAs\":[\"https:\\\/\\\/www.kennol.com\"],\"url\":\"https:\\\/\\\/kennol.com\\\/es\\\/author\\\/kennol\\\/\"}]}<\/script>\n<!-- \/ Yoast SEO plugin. -->","yoast_head_json":{"title":"FIA F2: KENNOL PODIUMS AT SPA! - KENNOL","robots":{"index":"index","follow":"follow","max-snippet":"max-snippet:-1","max-image-preview":"max-image-preview:large","max-video-preview":"max-video-preview:-1"},"canonical":"https:\/\/kennol.com\/es\/2017\/08\/fia-f2-kennol-podiums-at-spa\/","og_locale":"es_ES","og_type":"article","og_title":"FIA F2: KENNOL PODIUMS AT SPA! - KENNOL","og_description":"After the traditional summer break, KENNOL is back on track in FIA Formula 2 World Championship, and podiums directly at Spa-Francorchamps Grand Prix, with new young driver Nyck De Vries at the wheel! Racing Engineering team signs a great weekend, with good overall performance by the 2 cars and drivers, from the free practice to the finish line, and looks towards new podiums and points for the upcoming races.","og_url":"https:\/\/kennol.com\/es\/2017\/08\/fia-f2-kennol-podiums-at-spa\/","og_site_name":"KENNOL","article_published_time":"2017-08-28T07:43:28+00:00","article_modified_time":"2020-06-05T07:48:15+00:00","og_image":[{"width":1300,"height":891,"url":"https:\/\/kennol.com\/wp-content\/uploads\/2018\/03\/2017_mainlisting_FiaF2_Spa-Francorchamps.jpg","type":"image\/jpeg"}],"author":"K","twitter_card":"summary_large_image","twitter_misc":{"Escrito por":"K","Tiempo de lectura":"3 minutos"},"schema":{"@context":"https:\/\/schema.org","@graph":[{"@type":"Article","@id":"https:\/\/kennol.com\/es\/2017\/08\/fia-f2-kennol-podiums-at-spa\/#article","isPartOf":{"@id":"https:\/\/kennol.com\/es\/2017\/08\/fia-f2-kennol-podiums-at-spa\/"},"author":{"name":"K","@id":"https:\/\/kennol.com\/es\/#\/schema\/person\/07fb5e9e6d4f6c2a7d419767afe3aaf7"},"headline":"FIA F2: KENNOL PODIUMS AT SPA!","datePublished":"2017-08-28T07:43:28+00:00","dateModified":"2020-06-05T07:48:15+00:00","mainEntityOfPage":{"@id":"https:\/\/kennol.com\/es\/2017\/08\/fia-f2-kennol-podiums-at-spa\/"},"wordCount":635,"commentCount":0,"publisher":{"@id":"https:\/\/kennol.com\/es\/#organization"},"image":{"@id":"https:\/\/kennol.com\/es\/2017\/08\/fia-f2-kennol-podiums-at-spa\/#primaryimage"},"thumbnailUrl":"https:\/\/kennol.com\/wp-content\/uploads\/2018\/03\/2017_mainlisting_FiaF2_Spa-Francorchamps.jpg","keywords":["Grand Prix"],"articleSection":["FIA Formule 2"],"inLanguage":"es","potentialAction":[{"@type":"CommentAction","name":"Comment","target":["https:\/\/kennol.com\/es\/2017\/08\/fia-f2-kennol-podiums-at-spa\/#respond"]}]},{"@type":"WebPage","@id":"https:\/\/kennol.com\/es\/2017\/08\/fia-f2-kennol-podiums-at-spa\/","url":"https:\/\/kennol.com\/es\/2017\/08\/fia-f2-kennol-podiums-at-spa\/","name":"FIA F2: KENNOL PODIUMS AT SPA! - KENNOL","isPartOf":{"@id":"https:\/\/kennol.com\/es\/#website"},"primaryImageOfPage":{"@id":"https:\/\/kennol.com\/es\/2017\/08\/fia-f2-kennol-podiums-at-spa\/#primaryimage"},"image":{"@id":"https:\/\/kennol.com\/es\/2017\/08\/fia-f2-kennol-podiums-at-spa\/#primaryimage"},"thumbnailUrl":"https:\/\/kennol.com\/wp-content\/uploads\/2018\/03\/2017_mainlisting_FiaF2_Spa-Francorchamps.jpg","datePublished":"2017-08-28T07:43:28+00:00","dateModified":"2020-06-05T07:48:15+00:00","inLanguage":"es","potentialAction":[{"@type":"ReadAction","target":["https:\/\/kennol.com\/es\/2017\/08\/fia-f2-kennol-podiums-at-spa\/"]}]},{"@type":"ImageObject","inLanguage":"es","@id":"https:\/\/kennol.com\/es\/2017\/08\/fia-f2-kennol-podiums-at-spa\/#primaryimage","url":"https:\/\/kennol.com\/wp-content\/uploads\/2018\/03\/2017_mainlisting_FiaF2_Spa-Francorchamps.jpg","contentUrl":"https:\/\/kennol.com\/wp-content\/uploads\/2018\/03\/2017_mainlisting_FiaF2_Spa-Francorchamps.jpg","width":1300,"height":891,"caption":"FIA F2: KENNOL PODIUMS AT SPA!"},{"@type":"WebSite","@id":"https:\/\/kennol.com\/es\/#website","url":"https:\/\/kennol.com\/es\/","name":"KENNOL","description":"Performance Oil","publisher":{"@id":"https:\/\/kennol.com\/es\/#organization"},"potentialAction":[{"@type":"SearchAction","target":{"@type":"EntryPoint","urlTemplate":"https:\/\/kennol.com\/es\/?s={search_term_string}"},"query-input":{"@type":"PropertyValueSpecification","valueRequired":true,"valueName":"search_term_string"}}],"inLanguage":"es"},{"@type":"Organization","@id":"https:\/\/kennol.com\/es\/#organization","name":"PPO","url":"https:\/\/kennol.com\/es\/","logo":{"@type":"ImageObject","inLanguage":"es","@id":"https:\/\/kennol.com\/es\/#\/schema\/logo\/image\/","url":"https:\/\/kennol.com\/wp-content\/uploads\/2018\/01\/KENNOL_logo_header.png","contentUrl":"https:\/\/kennol.com\/wp-content\/uploads\/2018\/01\/KENNOL_logo_header.png","width":400,"height":140,"caption":"PPO"},"image":{"@id":"https:\/\/kennol.com\/es\/#\/schema\/logo\/image\/"}},{"@type":"Person","@id":"https:\/\/kennol.com\/es\/#\/schema\/person\/07fb5e9e6d4f6c2a7d419767afe3aaf7","name":"K","image":{"@type":"ImageObject","inLanguage":"es","@id":"https:\/\/secure.gravatar.com\/avatar\/8a509b01388b913a2da7ce0d2583fc0800479158266647ff7494e9868af8bad2?s=96&d=mm&r=g","url":"https:\/\/secure.gravatar.com\/avatar\/8a509b01388b913a2da7ce0d2583fc0800479158266647ff7494e9868af8bad2?s=96&d=mm&r=g","contentUrl":"https:\/\/secure.gravatar.com\/avatar\/8a509b01388b913a2da7ce0d2583fc0800479158266647ff7494e9868af8bad2?s=96&d=mm&r=g","caption":"K"},"sameAs":["https:\/\/www.kennol.com"],"url":"https:\/\/kennol.com\/es\/author\/kennol\/"}]}},"_links":{"self":[{"href":"https:\/\/kennol.com\/es\/wp-json\/wp\/v2\/posts\/35764","targetHints":{"allow":["GET"]}}],"collection":[{"href":"https:\/\/kennol.com\/es\/wp-json\/wp\/v2\/posts"}],"about":[{"href":"https:\/\/kennol.com\/es\/wp-json\/wp\/v2\/types\/post"}],"author":[{"embeddable":true,"href":"https:\/\/kennol.com\/es\/wp-json\/wp\/v2\/users\/2"}],"replies":[{"embeddable":true,"href":"https:\/\/kennol.com\/es\/wp-json\/wp\/v2\/comments?post=35764"}],"version-history":[{"count":3,"href":"https:\/\/kennol.com\/es\/wp-json\/wp\/v2\/posts\/35764\/revisions"}],"predecessor-version":[{"id":35768,"href":"https:\/\/kennol.com\/es\/wp-json\/wp\/v2\/posts\/35764\/revisions\/35768"}],"wp:featuredmedia":[{"embeddable":true,"href":"https:\/\/kennol.com\/es\/wp-json\/wp\/v2\/media\/35765"}],"wp:attachment":[{"href":"https:\/\/kennol.com\/es\/wp-json\/wp\/v2\/media?parent=35764"}],"wp:term":[{"taxonomy":"category","embeddable":true,"href":"https:\/\/kennol.com\/es\/wp-json\/wp\/v2\/categories?post=35764"},{"taxonomy":"post_tag","embeddable":true,"href":"https:\/\/kennol.com\/es\/wp-json\/wp\/v2\/tags?post=35764"}],"curies":[{"name":"wp","href":"https:\/\/api.w.org\/{rel}","templated":true}]}}